{"id":10681,"date":"2023-08-03T11:51:03","date_gmt":"2023-08-03T09:51:03","guid":{"rendered":"https:\/\/www.lagiraudiere.com\/blog\/?p=10681"},"modified":"2023-08-03T12:07:42","modified_gmt":"2023-08-03T10:07:42","slug":"brocante-a-la-giraudiere-le-12-et-13-aout-2023","status":"publish","type":"post","link":"https:\/\/www.lagiraudiere.com\/blog\/brocante-a-la-giraudiere-le-12-et-13-aout-2023\/","title":{"rendered":"Brocante \u00e0 La giraudi\u00e8re le 12 et 13 ao\u00fbt 2023"},"content":{"rendered":"\n<p class=\"has-text-align-center\">En 2022 il a \u00e9t\u00e9 d\u00e9cid\u00e9 de cr\u00e9er un jour de vente pour d\u00e9gager une partie des marchandises qui s&#8217;\u00e9taient accumul\u00e9es au cours des vingt derni\u00e8res ann\u00e9es \u00e0 la Giraudi\u00e8re. La vente s&#8217;est bien d\u00e9roul\u00e9e et nous a incit\u00e9 \u00e0 organiser \u00e0 nouveau un \u00e9v\u00e9nement de vente de deux jours le 12 et 13 ao\u00fbt.<\/p>\n\n\n\n<p class=\"has-text-align-center\">Des b\u00e9n\u00e9voles venant d&#8217;un peu partout dans le monde ont aid\u00e9 \u00e0 cr\u00e9er cet \u00e9v\u00e9nement. Cette ann\u00e9e, des b\u00e9n\u00e9voles de Norv\u00e8ge, de France, de Russie, des Etats-Unis, d&#8217;Allemagne, du Danmark, d&#8217;Ecosse et de Colombie nous ont aid\u00e9.<\/p>\n\n\n\n<p class=\"has-text-align-center\"><strong>BROCANTE \/ VIDE GRENIER<\/strong><\/p>\n\n\n\n<p class=\"has-text-align-center\">La Giraudi\u00e8re \u00e0 1km de Brossac<\/p>\n\n\n\n<p class=\"has-text-align-center\">Vente sur deux jours le week-end du 12\/13 ao\u00fbt 2023<\/p>\n\n\n\n<p class=\"has-text-align-center\">Electrom\u00e9nagers, Meubles, Articles m\u00e9nagers- Vaisselle- Couverts- Casseroles, Livres de jeux, Mat\u00e9riel de sport \/ Camping, Tableaux- Estampes- Tableaux Antiquit\u00e9s et objets vintage (collection DVD, CD, vinyles,disques, articles de no\u00ebl, po\u00eale \u00e0 bois,v\u00e9hicules&#8230;)<\/p>\n\n\n\n<p class=\"has-text-align-center\"><strong>PARKING BUVETTE<\/strong><\/p>\n\n\n\n<p class=\"has-text-align-center\">Plus d&#8217;informations sur https:\/\/brossacbraderie.com<\/p>\n\n\n\n<p class=\"has-text-align-center\">T\u00e9l\u00e9phone: 05 45 98 69 93 ou 06 37 12 02 76<\/p>\n\n\n\n<p class=\"has-text-align-center\">info@brossacbraderie.com<\/p>\n\n\n\n<p class=\"has-text-align-center\">Places disponibles \u00e0 3 euros le m\u00e8tre pour les deux jours de vente, camping-cars accept\u00e9s.<\/p>\n\n\n\n<p class=\"has-text-align-center\"><strong>T\u00e9l\u00e9phonez<\/strong> au 05 45 98 69 93  ou 06 37 12 02 76 pour r\u00e9server votre place.<\/p>\n\n\n\n<p class=\"has-text-align-center\">La braderie de brossac a son propre site internet ouvert \u00e0 tous \u00e0 visiter \u00e0 la braderie de brossac https:\/\/brossacbraderie.com\/ <\/p>\n\n\n\n<p><\/p>\n\n\n<div class=\"wp-block-image\">\n<figure class=\"aligncenter size-large\"><a href=\"https:\/\/www.lagiraudiere.com\/blog\/wp-content\/uploads\/2023\/08\/brocante_sale-1.jpg\"><img loading=\"lazy\" decoding=\"async\" width=\"410\" height=\"308\" src=\"https:\/\/www.lagiraudiere.com\/blog\/wp-content\/uploads\/2023\/08\/brocante_sale-1-edited-1.jpg\" alt=\"\" class=\"wp-image-10684\" srcset=\"https:\/\/www.lagiraudiere.com\/blog\/wp-content\/uploads\/2023\/08\/brocante_sale-1-edited-1.jpg 410w, https:\/\/www.lagiraudiere.com\/blog\/wp-content\/uploads\/2023\/08\/brocante_sale-1-edited-1-300x225.jpg 300w, https:\/\/www.lagiraudiere.com\/blog\/wp-content\/uploads\/2023\/08\/brocante_sale-1-edited-1-150x113.jpg 150w, https:\/\/www.lagiraudiere.com\/blog\/wp-content\/uploads\/2023\/08\/brocante_sale-1-edited-1-320x240.jpg 320w\" sizes=\"auto, (max-width: 410px) 100vw, 410px\" \/><\/a><\/figure>\n<\/div>","protected":false},"excerpt":{"rendered":"<p>En 2022 il a \u00e9t\u00e9 d\u00e9cid\u00e9 de cr\u00e9er un jour de vente pour d\u00e9gager une partie des marchandises qui s&#8217;\u00e9taient accumul\u00e9es au cours des vingt derni\u00e8res ann\u00e9es \u00e0 la Giraudi\u00e8re. La vente s&#8217;est bien d\u00e9roul\u00e9e et nous a incit\u00e9 \u00e0 &hellip; <a href=\"https:\/\/www.lagiraudiere.com\/blog\/brocante-a-la-giraudiere-le-12-et-13-aout-2023\/\">Continue reading <span class=\"meta-nav\">&rarr;<\/span><\/a><\/p>\n","protected":false},"author":1,"featured_media":0,"comment_status":"open","ping_status":"open","sticky":false,"template":"","format":"standard","meta":{"footnotes":""},"categories":[103],"tags":[],"class_list":["post-10681","post","type-post","status-publish","format-standard","hentry","category-volunteering"],"_links":{"self":[{"href":"https:\/\/www.lagiraudiere.com\/blog\/wp-json\/wp\/v2\/posts\/10681","targetHints":{"allow":["GET"]}}],"collection":[{"href":"https:\/\/www.lagiraudiere.com\/blog\/wp-json\/wp\/v2\/posts"}],"about":[{"href":"https:\/\/www.lagiraudiere.com\/blog\/wp-json\/wp\/v2\/types\/post"}],"author":[{"embeddable":true,"href":"https:\/\/www.lagiraudiere.com\/blog\/wp-json\/wp\/v2\/users\/1"}],"replies":[{"embeddable":true,"href":"https:\/\/www.lagiraudiere.com\/blog\/wp-json\/wp\/v2\/comments?post=10681"}],"version-history":[{"count":2,"href":"https:\/\/www.lagiraudiere.com\/blog\/wp-json\/wp\/v2\/posts\/10681\/revisions"}],"predecessor-version":[{"id":10686,"href":"https:\/\/www.lagiraudiere.com\/blog\/wp-json\/wp\/v2\/posts\/10681\/revisions\/10686"}],"wp:attachment":[{"href":"https:\/\/www.lagiraudiere.com\/blog\/wp-json\/wp\/v2\/media?parent=10681"}],"wp:term":[{"taxonomy":"category","embeddable":true,"href":"https:\/\/www.lagiraudiere.com\/blog\/wp-json\/wp\/v2\/categories?post=10681"},{"taxonomy":"post_tag","embeddable":true,"href":"https:\/\/www.lagiraudiere.com\/blog\/wp-json\/wp\/v2\/tags?post=10681"}],"curies":[{"name":"wp","href":"https:\/\/api.w.org\/{rel}","templated":true}]}}