{"id":3534,"date":"2014-08-27T15:38:35","date_gmt":"2014-08-27T13:38:35","guid":{"rendered":"http:\/\/www.lagiraudiere.com\/blog\/?p=3534"},"modified":"2014-08-28T16:07:47","modified_gmt":"2014-08-28T14:07:47","slug":"events-at-lg","status":"publish","type":"post","link":"https:\/\/www.lagiraudiere.com\/blog\/events-at-lg\/","title":{"rendered":"Events at La Giraudi\u00e8re 2014:"},"content":{"rendered":"<h1>Events at La Giraudi\u00e8re 2014:<\/h1>\n<p>The calendar of events planned at La Giraudi\u00e8re for the final part of 2014 are now published and live upon the website of the association.<\/p>\n<p>The first event planned is on the 24th of September, named \u201cSoir\u00e9e pour les Brossacais de rencontre la communaut\u00e9 internationale de Brossac;\u201d The goal here is for the different expats and nationalities of Brossac to come along and meet other expats and the local community. There will be a darts knock out with prizes plus other activities planned for the evening.\u00a0The price will be 14\u20ac for players and 9\u20ac for non-players, which will include dinner and dessert. Reserve now as places are limited.<\/p>\n<p>October and the evenings are drawing in&#8230;what better way to pull you away from the tv than an event with an international flavour? \u201cSoire\u00e9 Allemande &#8212; A German night with Schnitzel served with traditional Bavarian beer and German wines.\u201d The price for the Soire\u00e9 Allemande is 11\u20ac and includes your Schnitzel and frites and a quarter of German wine or half a litre of Bavarian beer.<\/p>\n<p>November 8th and it is time to burn poor old Guy Fawkes yet again, so a warming open air fire and stew awaits you at La Giraudi\u00e8re: \u201cGuy Fawkes Night;\u201d The price is 12\u20ac and includes a warming punch aperitif, a hearty bowl of Irish stew and a quarter of wine.<\/p>\n<p>March\u00e9 de No\u00ebl \u00e0 La Giraudi\u00e8re Brossac: Note that the Christmas market dates have changed. The market remains a 2 day event, but will now be held on the last weekend of November, the 29th and the 30th. There is also a dinner planned for the evening of the 29th. D\u00eener du March\u00e9 de No\u00ebl &#8211; 19.30.<\/p>\n<p>You can see fuller details of these events and others planned by visiting http:\/\/association.lagiraudiere.com\/<\/p>\n<p>Don&#8217;t forget to\u00a0like and follow on\u00a0<a title=\"Volunteers Facebook page\" href=\"http:\/\/www.facebook.com\/LaGiraudierePage\">La Giraudiere Facebook<\/a>\u00a0and\u00a0<a title=\"Volunteers follow twitter\" href=\"http:\/\/twitter.com\/LaGiraudiere\">Twitter<\/a><\/p>\n<div id=\"attachment_3560\" style=\"width: 604px\" class=\"wp-caption alignleft\"><a href=\"https:\/\/www.lagiraudiere.com\/blog\/wp-content\/uploads\/2014\/08\/Association-La-Giraudiere-Les-Amis-De-La-Giraudiere.png\"><img loading=\"lazy\" decoding=\"async\" aria-describedby=\"caption-attachment-3560\" class=\" wp-image-3560 \" title=\"Calendar of Events at La Giraudi\u00e8re\" src=\"https:\/\/www.lagiraudiere.com\/blog\/wp-content\/uploads\/2014\/08\/Association-La-Giraudiere-Les-Amis-De-La-Giraudiere-e1409145360562-743x1024.png\" alt=\"Calendar of Events at La Giraudi\u00e8re\" width=\"594\" height=\"819\" srcset=\"https:\/\/www.lagiraudiere.com\/blog\/wp-content\/uploads\/2014\/08\/Association-La-Giraudiere-Les-Amis-De-La-Giraudiere-e1409145360562-743x1024.png 743w, https:\/\/www.lagiraudiere.com\/blog\/wp-content\/uploads\/2014\/08\/Association-La-Giraudiere-Les-Amis-De-La-Giraudiere-e1409145360562-217x300.png 217w, https:\/\/www.lagiraudiere.com\/blog\/wp-content\/uploads\/2014\/08\/Association-La-Giraudiere-Les-Amis-De-La-Giraudiere-e1409145360562.png 941w\" sizes=\"auto, (max-width: 594px) 100vw, 594px\" \/><\/a><p id=\"caption-attachment-3560\" class=\"wp-caption-text\">Association events web page<\/p><\/div>\n","protected":false},"excerpt":{"rendered":"<p>Events at La Giraudi\u00e8re 2014: The calendar of events planned at La Giraudi\u00e8re for the final part of 2014 are now published and live upon the website of the association. The first event planned is on the 24th of September, &hellip; <a href=\"https:\/\/www.lagiraudiere.com\/blog\/events-at-lg\/\">Continue reading <span class=\"meta-nav\">&rarr;<\/span><\/a><\/p>\n","protected":false},"author":1,"featured_media":0,"comment_status":"closed","ping_status":"closed","sticky":false,"template":"","format":"standard","meta":{"footnotes":""},"categories":[1],"tags":[],"class_list":["post-3534","post","type-post","status-publish","format-standard","hentry","category-uncategorized"],"_links":{"self":[{"href":"https:\/\/www.lagiraudiere.com\/blog\/wp-json\/wp\/v2\/posts\/3534","targetHints":{"allow":["GET"]}}],"collection":[{"href":"https:\/\/www.lagiraudiere.com\/blog\/wp-json\/wp\/v2\/posts"}],"about":[{"href":"https:\/\/www.lagiraudiere.com\/blog\/wp-json\/wp\/v2\/types\/post"}],"author":[{"embeddable":true,"href":"https:\/\/www.lagiraudiere.com\/blog\/wp-json\/wp\/v2\/users\/1"}],"replies":[{"embeddable":true,"href":"https:\/\/www.lagiraudiere.com\/blog\/wp-json\/wp\/v2\/comments?post=3534"}],"version-history":[{"count":12,"href":"https:\/\/www.lagiraudiere.com\/blog\/wp-json\/wp\/v2\/posts\/3534\/revisions"}],"predecessor-version":[{"id":3571,"href":"https:\/\/www.lagiraudiere.com\/blog\/wp-json\/wp\/v2\/posts\/3534\/revisions\/3571"}],"wp:attachment":[{"href":"https:\/\/www.lagiraudiere.com\/blog\/wp-json\/wp\/v2\/media?parent=3534"}],"wp:term":[{"taxonomy":"category","embeddable":true,"href":"https:\/\/www.lagiraudiere.com\/blog\/wp-json\/wp\/v2\/categories?post=3534"},{"taxonomy":"post_tag","embeddable":true,"href":"https:\/\/www.lagiraudiere.com\/blog\/wp-json\/wp\/v2\/tags?post=3534"}],"curies":[{"name":"wp","href":"https:\/\/api.w.org\/{rel}","templated":true}]}}