{"id":3555,"date":"2014-08-27T15:38:45","date_gmt":"2014-08-27T13:38:45","guid":{"rendered":"http:\/\/www.lagiraudiere.com\/blog\/?p=3555"},"modified":"2014-09-02T09:40:33","modified_gmt":"2014-09-02T07:40:33","slug":"les-evenements-de-la-giraudiere-en-2014","status":"publish","type":"post","link":"https:\/\/www.lagiraudiere.com\/blog\/les-evenements-de-la-giraudiere-en-2014\/","title":{"rendered":"Les \u00e9v\u00e9nements de La Giraudi\u00e8re en 2014:"},"content":{"rendered":"<h1>Les \u00e9v\u00e9nements de La Giraudi\u00e8re en 2014:<\/h1>\n<p>Le calendrier des \u00e9v\u00e9nements pr\u00e9vus \u00e0 La Giraudi\u00e8re pendant la derni\u00e8re partie de 2014 sont d\u00e9sormais disponibles sur le site de l&#8217;association.<\/p>\n<p>Le premier \u00e9v\u00e9nement se d\u00e9roule le 24 septembre, une \u201cSoir\u00e9e pour les Brossacais de rencontre la communaut\u00e9 internationale de Brossac;\u201d Le but est de m\u00e9langer tous les\u00a0nationalit\u00e9s de Brossac et pour les\u00a0expatri\u00e9s diff\u00e9rents de venir rencontre les autres et la communaut\u00e9 locale. Il y aura un turnoi des flechettes avec des prix \u00e0 gagner, ainsi que plein d&#8217;autres activit\u00e9s. Le prix pour les joueurs est 14\u20ac et 9\u20ac pour les non-joueurs, qui comprend le repas et le dessert.<\/p>\n<p>En octobre quand les nuits commencent \u00e0 tomber plus t\u00f4t&#8230;il n&#8217;y a rien mieux qu&#8217;une soir\u00e9e internationale pour vous \u00e9loigner de la t\u00e9l\u00e9! On propose la &#8220;Soire\u00e9 Allemande,&#8221; avec le schnizel accompagn\u00e9 de la bi\u00e8re bavaroise traditionnelle et du vin allemand. Le prix est 11\u20ac, y compris le schnizel et frites, un quart du vin allemand ou un demi-litre de la bi\u00e8re bavaroise.<\/p>\n<p>Le 8 novembre sera temps d&#8217;encore br\u00fbler le pauvre Guy Fawkes, donc un grand feu et un rago\u00fbt chaleureux vous attend \u00e0 La Giraudi\u00e8re: \u201cGuy Fawkes Night;\u201d Le prix est 12\u20ac, y compris\u00a0un ap\u00e9ritif de punch, un bon bol de rago\u00fbt irlandais et un quart de vin.<\/p>\n<p>Le march\u00e9 de No\u00ebl \u00e0 La Giraudi\u00e8re, Brossac: Notez que les dates du march\u00e9 ont chang\u00e9es. Le march\u00e9 reste un \u00e9v\u00e9nement de 2 jours, mais aura d\u00e9sormais lieu le dernier week-end de novembre, le 29 et 30. Il y aura aussi un repas pendant la soir\u00e9e de 29, un d\u00eener du march\u00e9 de No\u00ebl \u00e0 19.30.<\/p>\n<p>Les d\u00e9tails complets de ces \u00e9v\u00e9nements et les autres pr\u00e9vus sont disponibles sur http:\/\/association.lagiraudiere.com\/<\/p>\n<p>N&#8217;oubliez pas d&#8217;aimer\u00a0<a title=\"Volunteers Facebook page\" href=\"http:\/\/www.facebook.com\/LaGiraudierePage\">La Giraudiere Facebook<\/a>\u00a0et nous suivre sur\u00a0<a title=\"Volunteers follow twitter\" href=\"http:\/\/twitter.com\/LaGiraudiere\">Twitter<\/a>!<\/p>\n<div id=\"attachment_3560\" style=\"width: 604px\" class=\"wp-caption alignleft\"><a href=\"https:\/\/www.lagiraudiere.com\/blog\/wp-content\/uploads\/2014\/08\/Association-La-Giraudiere-Les-Amis-De-La-Giraudiere-e1409145360562.png\"><img loading=\"lazy\" decoding=\"async\" aria-describedby=\"caption-attachment-3560\" class=\" wp-image-3560 \" title=\"Le calendrier des \u00e9v\u00e9nements \u00e0 La Giraudi\u00e8re\" src=\"https:\/\/www.lagiraudiere.com\/blog\/wp-content\/uploads\/2014\/08\/Association-La-Giraudiere-Les-Amis-De-La-Giraudiere-e1409145360562-743x1024.png\" alt=\"Le calendrier des \u00e9v\u00e9nements \u00e0 La Giraudi\u00e8re\" width=\"594\" height=\"819\" srcset=\"https:\/\/www.lagiraudiere.com\/blog\/wp-content\/uploads\/2014\/08\/Association-La-Giraudiere-Les-Amis-De-La-Giraudiere-e1409145360562-743x1024.png 743w, https:\/\/www.lagiraudiere.com\/blog\/wp-content\/uploads\/2014\/08\/Association-La-Giraudiere-Les-Amis-De-La-Giraudiere-e1409145360562-217x300.png 217w, https:\/\/www.lagiraudiere.com\/blog\/wp-content\/uploads\/2014\/08\/Association-La-Giraudiere-Les-Amis-De-La-Giraudiere-e1409145360562.png 941w\" sizes=\"auto, (max-width: 594px) 100vw, 594px\" \/><\/a><p id=\"caption-attachment-3560\" class=\"wp-caption-text\">La page web des \u00e9v\u00e9nements de l&#8217;association<\/p><\/div>\n","protected":false},"excerpt":{"rendered":"<p>Les \u00e9v\u00e9nements de La Giraudi\u00e8re en 2014: Le calendrier des \u00e9v\u00e9nements pr\u00e9vus \u00e0 La Giraudi\u00e8re pendant la derni\u00e8re partie de 2014 sont d\u00e9sormais disponibles sur le site de l&#8217;association. Le premier \u00e9v\u00e9nement se d\u00e9roule le 24 septembre, une \u201cSoir\u00e9e pour &hellip; <a href=\"https:\/\/www.lagiraudiere.com\/blog\/les-evenements-de-la-giraudiere-en-2014\/\">Continue reading <span class=\"meta-nav\">&rarr;<\/span><\/a><\/p>\n","protected":false},"author":1,"featured_media":0,"comment_status":"closed","ping_status":"closed","sticky":false,"template":"","format":"standard","meta":{"footnotes":""},"categories":[1],"tags":[],"class_list":["post-3555","post","type-post","status-publish","format-standard","hentry","category-uncategorized"],"_links":{"self":[{"href":"https:\/\/www.lagiraudiere.com\/blog\/wp-json\/wp\/v2\/posts\/3555","targetHints":{"allow":["GET"]}}],"collection":[{"href":"https:\/\/www.lagiraudiere.com\/blog\/wp-json\/wp\/v2\/posts"}],"about":[{"href":"https:\/\/www.lagiraudiere.com\/blog\/wp-json\/wp\/v2\/types\/post"}],"author":[{"embeddable":true,"href":"https:\/\/www.lagiraudiere.com\/blog\/wp-json\/wp\/v2\/users\/1"}],"replies":[{"embeddable":true,"href":"https:\/\/www.lagiraudiere.com\/blog\/wp-json\/wp\/v2\/comments?post=3555"}],"version-history":[{"count":8,"href":"https:\/\/www.lagiraudiere.com\/blog\/wp-json\/wp\/v2\/posts\/3555\/revisions"}],"predecessor-version":[{"id":3572,"href":"https:\/\/www.lagiraudiere.com\/blog\/wp-json\/wp\/v2\/posts\/3555\/revisions\/3572"}],"wp:attachment":[{"href":"https:\/\/www.lagiraudiere.com\/blog\/wp-json\/wp\/v2\/media?parent=3555"}],"wp:term":[{"taxonomy":"category","embeddable":true,"href":"https:\/\/www.lagiraudiere.com\/blog\/wp-json\/wp\/v2\/categories?post=3555"},{"taxonomy":"post_tag","embeddable":true,"href":"https:\/\/www.lagiraudiere.com\/blog\/wp-json\/wp\/v2\/tags?post=3555"}],"curies":[{"name":"wp","href":"https:\/\/api.w.org\/{rel}","templated":true}]}}