{"id":7467,"date":"2017-08-24T12:18:45","date_gmt":"2017-08-24T10:18:45","guid":{"rendered":"http:\/\/www.lagiraudiere.com\/blog\/?p=7467"},"modified":"2017-08-24T12:23:01","modified_gmt":"2017-08-24T10:23:01","slug":"le-projet-yerrf-est-dans-les-journaux","status":"publish","type":"post","link":"https:\/\/www.lagiraudiere.com\/blog\/le-projet-yerrf-est-dans-les-journaux\/","title":{"rendered":"Le projet YERRF est dans les journaux!"},"content":{"rendered":"<h1>Les journaux sont int\u00e9ress\u00e9s par le projet YERRF<\/h1>\n<p>Hier matin, Jean-Yves Delage, journaliste du <em><strong>Charente Libre<\/strong><\/em> et Jo\u00ebl Bideau, journaliste du <strong><em>Sudouest<\/em><\/strong>, sont venus par <em><strong>La Giraudi\u00e8re<\/strong><\/em> pour interviewer notre groupe international de b\u00e9n\u00e9voles. Le lien de l&#8217;article sera publi\u00e9 dans le blog d\u00e8s qu&#8217;il sera publi\u00e9 dans les journaux et sur le Web.<\/p>\n<p><a href=\"https:\/\/www.lagiraudiere.com\/blog\/wp-content\/uploads\/2015\/04\/Sud_Ouest-logo.jpg\"><img loading=\"lazy\" decoding=\"async\" class=\"aligncenter size-full wp-image-4581\" src=\"https:\/\/www.lagiraudiere.com\/blog\/wp-content\/uploads\/2015\/04\/Sud_Ouest-logo.jpg\" alt=\"Sud Ouest La Giraudi\u00e8re USA\" width=\"140\" height=\"126\" \/><\/a> <a href=\"https:\/\/www.lagiraudiere.com\/blog\/wp-content\/uploads\/2015\/04\/charente_libre-logo.png\"><img loading=\"lazy\" decoding=\"async\" class=\"aligncenter size-full wp-image-4583\" src=\"https:\/\/www.lagiraudiere.com\/blog\/wp-content\/uploads\/2015\/04\/charente_libre-logo.png\" alt=\"Charente Libre La Giraudi\u00e8re\" width=\"150\" height=\"61\" \/><\/a><\/p>\n<p>L&#8217;entrevue a consist\u00e9 en d\u00e9couvrir les raisons qui ont conduit\u00a0les\u00a0b\u00e9n\u00e9voles \u00e0 La Giraudi\u00e8re, ce qu&#8217;ils aimeraient apprendre \u00e0 travers cette exp\u00e9rience, quel est le projet YERRF,\u00a0\u00e0 quoi avons-nous travaill\u00e9 jusqu&#8217;\u00e0 pr\u00e9sent et quel est le plan pour l&#8217;avenir du projet.<\/p>\n<p><a href=\"https:\/\/www.lagiraudiere.com\/blog\/wp-content\/uploads\/2017\/08\/presse-at-la-giraudiere.jpg\"><img loading=\"lazy\" decoding=\"async\" class=\"aligncenter size-medium wp-image-7455\" src=\"https:\/\/www.lagiraudiere.com\/blog\/wp-content\/uploads\/2017\/08\/presse-at-la-giraudiere-300x200.jpg\" alt=\"presse-at-la-giraudiere\" width=\"300\" height=\"200\" srcset=\"https:\/\/www.lagiraudiere.com\/blog\/wp-content\/uploads\/2017\/08\/presse-at-la-giraudiere-300x200.jpg 300w, https:\/\/www.lagiraudiere.com\/blog\/wp-content\/uploads\/2017\/08\/presse-at-la-giraudiere-60x40.jpg 60w, https:\/\/www.lagiraudiere.com\/blog\/wp-content\/uploads\/2017\/08\/presse-at-la-giraudiere-150x100.jpg 150w, https:\/\/www.lagiraudiere.com\/blog\/wp-content\/uploads\/2017\/08\/presse-at-la-giraudiere.jpg 420w\" sizes=\"auto, (max-width: 300px) 100vw, 300px\" \/><\/a><\/p>\n<p><em><strong>YERRF<\/strong><\/em> est le nom du projet lanc\u00e9 en juillet \u00e0 <strong><em>La Giraudi\u00e8re<\/em> <\/strong>et financ\u00e9 conjointement par Les Amis De La Giraudi\u00e8re et par la <em><strong>Commission europ\u00e9enne<\/strong><\/em> en tant que projet <em><strong>Erasmus + SVE<\/strong><\/em>. L&#8217;objectif principal est de produire, puis d&#8217;introduire des ateliers d&#8217;<strong><em>entrepreneuriaux<\/em> <\/strong>pour les\u00a0jeunes qui sont sur le point de commencer leur chemin de travail apr\u00e8s leur \u00e9ducation formelle et pour ceux qui sont actuellement au ch\u00f4mage. Nos ateliers les accueillent ici et les guideront\u00a0dans leur voie entrepreneuriale.<\/p>\n<p>Normalement, la <em><strong>dissemination <\/strong><\/em>(Un mot anglais qui signifie diffusion\u00a0du mat\u00e9riel publicitaire) est effectu\u00e9e \u00e0 la fin du\u00a0cycle du projet, mais nous avons d\u00e9cid\u00e9 de la promouvoir avant pour sensibiliser les jeunes \u00e0 l&#8217;esprit d&#8217;entreprise. Nous avons commenc\u00e9 avec la promotion en ligne et dans les journaux locaux et nous continuerons avec d&#8217;autres m\u00e9dias et en participant \u00e0 des foires, des expositions et des march\u00e9s locaux. Le premier cycle du projet se terminera en d\u00e9cembre 2017 et le deuxi\u00e8me cycle d\u00e9butera en 2018. Vous pouvez trouver plus d&#8217;information dans le site\u00a0<a href=\"http:\/\/erasmus.lagiraudiere.com\/yerrf.html\">Projet yerrf<\/a><\/p>\n<p><a href=\"https:\/\/www.lagiraudiere.com\/blog\/wp-content\/uploads\/2017\/08\/la-giraudiere_journalists.jpg\"><img loading=\"lazy\" decoding=\"async\" class=\"aligncenter size-medium wp-image-7453\" src=\"https:\/\/www.lagiraudiere.com\/blog\/wp-content\/uploads\/2017\/08\/la-giraudiere_journalists-300x200.jpg\" alt=\"la-giraudiere_journalists\" width=\"300\" height=\"200\" srcset=\"https:\/\/www.lagiraudiere.com\/blog\/wp-content\/uploads\/2017\/08\/la-giraudiere_journalists-300x200.jpg 300w, https:\/\/www.lagiraudiere.com\/blog\/wp-content\/uploads\/2017\/08\/la-giraudiere_journalists-60x40.jpg 60w, https:\/\/www.lagiraudiere.com\/blog\/wp-content\/uploads\/2017\/08\/la-giraudiere_journalists-150x100.jpg 150w, https:\/\/www.lagiraudiere.com\/blog\/wp-content\/uploads\/2017\/08\/la-giraudiere_journalists.jpg 420w\" sizes=\"auto, (max-width: 300px) 100vw, 300px\" \/><\/a><\/p>\n<p>Les journalistes \u00e9taient tr\u00e8s int\u00e9ress\u00e9s en savoir plus sur le <em><strong>projet YERRF<\/strong><\/em> et sur <em><strong>Erasmus<\/strong><\/em>, qui n&#8217;est actuellement pas tr\u00e8s connu dans ce domaine de la France. Nous sommes le pionnier du <em><strong>SVE<\/strong><\/em> \u00e0 Brossac et nous esp\u00e9rons sensibiliser les gens \u00e0 cette excellente occasion d&#8217;apprendre des <em><strong>comp\u00e9tences entrepreneuriales<\/strong><\/em>.<\/p>\n<p>To read the website in English, click here:\u00a0<a href=\"https:\/\/www.lagiraudiere.com\/blog\/the-yerrf-project-news\/\">The YERRF project is in the news<\/a><\/p>\n<p>&nbsp;<\/p>\n","protected":false},"excerpt":{"rendered":"<p>Les journaux sont int\u00e9ress\u00e9s par le projet YERRF Hier matin, Jean-Yves Delage, journaliste du Charente Libre et Jo\u00ebl Bideau, journaliste du Sudouest, sont venus par La Giraudi\u00e8re pour interviewer notre groupe international de b\u00e9n\u00e9voles. Le lien de l&#8217;article sera publi\u00e9 &hellip; <a href=\"https:\/\/www.lagiraudiere.com\/blog\/le-projet-yerrf-est-dans-les-journaux\/\">Continue reading <span class=\"meta-nav\">&rarr;<\/span><\/a><\/p>\n","protected":false},"author":1,"featured_media":0,"comment_status":"closed","ping_status":"closed","sticky":false,"template":"","format":"standard","meta":{"footnotes":""},"categories":[85,355,311,103],"tags":[539,543,499,533,353,545,521,517,537,527],"class_list":["post-7467","post","type-post","status-publish","format-standard","hentry","category-about-la-giraudiere","category-france","category-volunteer","category-volunteering","tag-charente-libre","tag-commission-europeenne","tag-entrepreneur","tag-entrepreneuriat","tag-erasmus","tag-journaux","tag-la-giraudere","tag-projet-yerrf","tag-sudouest","tag-sve"],"_links":{"self":[{"href":"https:\/\/www.lagiraudiere.com\/blog\/wp-json\/wp\/v2\/posts\/7467","targetHints":{"allow":["GET"]}}],"collection":[{"href":"https:\/\/www.lagiraudiere.com\/blog\/wp-json\/wp\/v2\/posts"}],"about":[{"href":"https:\/\/www.lagiraudiere.com\/blog\/wp-json\/wp\/v2\/types\/post"}],"author":[{"embeddable":true,"href":"https:\/\/www.lagiraudiere.com\/blog\/wp-json\/wp\/v2\/users\/1"}],"replies":[{"embeddable":true,"href":"https:\/\/www.lagiraudiere.com\/blog\/wp-json\/wp\/v2\/comments?post=7467"}],"version-history":[{"count":2,"href":"https:\/\/www.lagiraudiere.com\/blog\/wp-json\/wp\/v2\/posts\/7467\/revisions"}],"predecessor-version":[{"id":7473,"href":"https:\/\/www.lagiraudiere.com\/blog\/wp-json\/wp\/v2\/posts\/7467\/revisions\/7473"}],"wp:attachment":[{"href":"https:\/\/www.lagiraudiere.com\/blog\/wp-json\/wp\/v2\/media?parent=7467"}],"wp:term":[{"taxonomy":"category","embeddable":true,"href":"https:\/\/www.lagiraudiere.com\/blog\/wp-json\/wp\/v2\/categories?post=7467"},{"taxonomy":"post_tag","embeddable":true,"href":"https:\/\/www.lagiraudiere.com\/blog\/wp-json\/wp\/v2\/tags?post=7467"}],"curies":[{"name":"wp","href":"https:\/\/api.w.org\/{rel}","templated":true}]}}