{"id":7671,"date":"2017-09-14T14:41:32","date_gmt":"2017-09-14T12:41:32","guid":{"rendered":"http:\/\/www.lagiraudiere.com\/blog\/?p=7671"},"modified":"2017-09-14T14:44:55","modified_gmt":"2017-09-14T12:44:55","slug":"bonne-chance-kelly-bienvenue-mara","status":"publish","type":"post","link":"https:\/\/www.lagiraudiere.com\/blog\/bonne-chance-kelly-bienvenue-mara\/","title":{"rendered":"Bonne chance Kelly! Bienvenue Mara!"},"content":{"rendered":"<p>Kelly, 23 ans, de Grenade, en Espagne, est partie samedi pour retourner dans son pays et poursuivre ses \u00e9tudes. Elle a \u00e9t\u00e9\u00a0ici depuis deux mois et elle a travaill\u00e9 sur le projet YERRF, en particulier sur les r\u00e9seaux sociaux et le marketing num\u00e9rique.<a href=\"https:\/\/www.lagiraudiere.com\/blog\/wp-content\/uploads\/2017\/09\/kelly_volunteer_spain.jpg\"><img loading=\"lazy\" decoding=\"async\" class=\"aligncenter size-full wp-image-7661\" src=\"https:\/\/www.lagiraudiere.com\/blog\/wp-content\/uploads\/2017\/09\/kelly_volunteer_spain.jpg\" alt=\"kelly_volunteer_spain\" width=\"289\" height=\"280\" srcset=\"https:\/\/www.lagiraudiere.com\/blog\/wp-content\/uploads\/2017\/09\/kelly_volunteer_spain.jpg 289w, https:\/\/www.lagiraudiere.com\/blog\/wp-content\/uploads\/2017\/09\/kelly_volunteer_spain-150x145.jpg 150w\" sizes=\"auto, (max-width: 289px) 100vw, 289px\" \/><\/a><\/p>\n<h3 style=\"text-align: center;\"><strong>&#8220;Gracias Kelly, bonne chance!&#8221;<\/strong><\/h3>\n<p>Malheureusement, trois volontaires sont partis de\u00a0La Giraudi\u00e8re ce fin de semaine mais nous sommes tr\u00e8s heureux d&#8217;accueillir une nouvelle entr\u00e9e:<\/p>\n<blockquote><p>&#8220;Ola! Je m&#8217;appelle Mara, j&#8217;ai 24 ans et je suis de Lisbonne, Portugal, o\u00f9 j&#8217;ai \u00e9tudi\u00e9 la publicit\u00e9 et le marketing depuis 4 ans. Je viens d&#8217;arriver chez La Giraudi\u00e8re et au son programme. C&#8217;est ma premi\u00e8re fois en France et ma premi\u00e8re exp\u00e9rience internationale de b\u00e9n\u00e9volat. Je esp\u00e8re\u00a0que La Giraudi\u00e8re deviendra tr\u00e8s vite non seulement un h\u00e9bergement pour moi, mais aussi ma maison dans cette aventure. Ici, je veux apprendre le fran\u00e7ais, am\u00e9liorer ma connaissance du marketing num\u00e9rique et apprendre des strat\u00e9gies sur l&#8217;entrepreneuriat. \u00a0J&#8217;esp\u00e8re, aussi, que je vais faire des amis et apporter ma meilleure contribution \u00e0 un projet qui est plus grand que moi &#8221;<br \/>\n<a href=\"https:\/\/www.lagiraudiere.com\/blog\/wp-content\/uploads\/2017\/09\/mara_newevsvolunteer.jpg\"><img loading=\"lazy\" decoding=\"async\" class=\"aligncenter size-full wp-image-7679\" src=\"https:\/\/www.lagiraudiere.com\/blog\/wp-content\/uploads\/2017\/09\/mara_newevsvolunteer.jpg\" alt=\"mara_newevsvolunteer\" width=\"430\" height=\"280\" srcset=\"https:\/\/www.lagiraudiere.com\/blog\/wp-content\/uploads\/2017\/09\/mara_newevsvolunteer.jpg 430w, https:\/\/www.lagiraudiere.com\/blog\/wp-content\/uploads\/2017\/09\/mara_newevsvolunteer-60x40.jpg 60w, https:\/\/www.lagiraudiere.com\/blog\/wp-content\/uploads\/2017\/09\/mara_newevsvolunteer-300x195.jpg 300w, https:\/\/www.lagiraudiere.com\/blog\/wp-content\/uploads\/2017\/09\/mara_newevsvolunteer-150x98.jpg 150w\" sizes=\"auto, (max-width: 430px) 100vw, 430px\" \/><\/a><br \/>\nMara est \u00e0 la Giraudi\u00e8re, comme volontaire SVE, pour aider avec le projet YERRF. Elle restera ici jusqu&#8217;\u00e0 le d\u00e9but de novembre.<\/p>\n<p>If you would like to read this post in English, click here:\u00a0<a href=\"https:\/\/www.lagiraudiere.com\/blog\/good-luck-kelly-welcome-mara\/\">Good luck Kelly! Welcome Mara! <\/a><\/p><\/blockquote>\n","protected":false},"excerpt":{"rendered":"<p>Kelly, 23 ans, de Grenade, en Espagne, est partie samedi pour retourner dans son pays et poursuivre ses \u00e9tudes. Elle a \u00e9t\u00e9\u00a0ici depuis deux mois et elle a travaill\u00e9 sur le projet YERRF, en particulier sur les r\u00e9seaux sociaux et &hellip; <a href=\"https:\/\/www.lagiraudiere.com\/blog\/bonne-chance-kelly-bienvenue-mara\/\">Continue reading <span class=\"meta-nav\">&rarr;<\/span><\/a><\/p>\n","protected":false},"author":1,"featured_media":0,"comment_status":"closed","ping_status":"closed","sticky":false,"template":"","format":"standard","meta":{"footnotes":""},"categories":[85,495,265,355,101,311,103,487],"tags":[531,519,499,533,353,523,105,509],"class_list":["post-7671","post","type-post","status-publish","format-standard","hentry","category-about-la-giraudiere","category-entrepreneurship","category-erasmus","category-france","category-learning-french-2","category-volunteer","category-volunteering","category-yerrf-project","tag-benevolat","tag-benevoles-internationaux","tag-entrepreneur","tag-entrepreneuriat","tag-erasmus","tag-sve-projet","tag-volunteering-2","tag-yerrf-project"],"_links":{"self":[{"href":"https:\/\/www.lagiraudiere.com\/blog\/wp-json\/wp\/v2\/posts\/7671","targetHints":{"allow":["GET"]}}],"collection":[{"href":"https:\/\/www.lagiraudiere.com\/blog\/wp-json\/wp\/v2\/posts"}],"about":[{"href":"https:\/\/www.lagiraudiere.com\/blog\/wp-json\/wp\/v2\/types\/post"}],"author":[{"embeddable":true,"href":"https:\/\/www.lagiraudiere.com\/blog\/wp-json\/wp\/v2\/users\/1"}],"replies":[{"embeddable":true,"href":"https:\/\/www.lagiraudiere.com\/blog\/wp-json\/wp\/v2\/comments?post=7671"}],"version-history":[{"count":4,"href":"https:\/\/www.lagiraudiere.com\/blog\/wp-json\/wp\/v2\/posts\/7671\/revisions"}],"predecessor-version":[{"id":7685,"href":"https:\/\/www.lagiraudiere.com\/blog\/wp-json\/wp\/v2\/posts\/7671\/revisions\/7685"}],"wp:attachment":[{"href":"https:\/\/www.lagiraudiere.com\/blog\/wp-json\/wp\/v2\/media?parent=7671"}],"wp:term":[{"taxonomy":"category","embeddable":true,"href":"https:\/\/www.lagiraudiere.com\/blog\/wp-json\/wp\/v2\/categories?post=7671"},{"taxonomy":"post_tag","embeddable":true,"href":"https:\/\/www.lagiraudiere.com\/blog\/wp-json\/wp\/v2\/tags?post=7671"}],"curies":[{"name":"wp","href":"https:\/\/api.w.org\/{rel}","templated":true}]}}